{"id":3737,"date":"2022-07-14T10:55:46","date_gmt":"2022-07-14T08:55:46","guid":{"rendered":"https:\/\/draft.bardowebdesign.com\/Woodoo22\/?p=3737"},"modified":"2022-07-14T10:57:19","modified_gmt":"2022-07-14T08:57:19","slug":"zeta","status":"publish","type":"post","link":"https:\/\/draft.bardowebdesign.com\/Woodoo22\/zeta\/","title":{"rendered":"&#8220;Zeta&#8221;"},"content":{"rendered":"\n<p>Non so come sia <strong>avere vent\u2019ann<\/strong>i. A dire il vero, non lo sapevo nemmeno a vent\u2019anni, il che ha fatto di me il ventenne pi\u00f9 sprovveduto di sempre. Anyway, per me, che faccio parte della vetusta generazione dei millennial, \u00e8 un motivo pi\u00f9 che rilevante per osservare con occhi famelici di interesse la <strong>mostra <\/strong>che una serie di ragazz* dello <strong>IED <\/strong>ha allestito per Woodoo. L\u2019idea \u00e8 partita, dicevamo, in seguito alla tavola rotonda con <strong>Rolling Stone<\/strong>.&nbsp;<\/p>\n\n\n\n<p>Se i partecipanti di quel video si erano lanciati nel brainstorming dialettico, forse era il momento che a parlarci di inclusivit\u00e0 iniziasse ad essere <strong>l\u2019arte stessa<\/strong>.<\/p>\n\n\n\n<p><em>Vieni Come Vuoi<\/em> era un concetto che andava istintivamente a sovrapporsi a \u201c<strong>mostrati come vuoi<\/strong>\u201d. Perch\u00e9 non spiegare delle cose mostrando?&nbsp;<\/p>\n\n\n<div class=\"wp-block-image\">\n<figure class=\"alignleft size-large is-resized\"><img loading=\"lazy\" decoding=\"async\" src=\"https:\/\/draft.bardowebdesign.com\/Woodoo22\/wp-content\/uploads\/2022\/07\/BBC8365-as-Smart-Object-1-1024x684.jpg\" alt=\"\" class=\"wp-image-3826\" width=\"496\" height=\"331\" srcset=\"https:\/\/draft.bardowebdesign.com\/Woodoo22\/wp-content\/uploads\/2022\/07\/BBC8365-as-Smart-Object-1-1024x684.jpg 1024w, https:\/\/draft.bardowebdesign.com\/Woodoo22\/wp-content\/uploads\/2022\/07\/BBC8365-as-Smart-Object-1-300x200.jpg 300w, https:\/\/draft.bardowebdesign.com\/Woodoo22\/wp-content\/uploads\/2022\/07\/BBC8365-as-Smart-Object-1-768x513.jpg 768w, https:\/\/draft.bardowebdesign.com\/Woodoo22\/wp-content\/uploads\/2022\/07\/BBC8365-as-Smart-Object-1.jpg 1300w\" sizes=\"auto, (max-width: 496px) 100vw, 496px\" \/><\/figure>\n<\/div>\n\n\n<p>Insomma, una mostra scalciava gi\u00e0 per venir fuori e serviva che ad occuparsene fosse il vero motore del cambiamento generazionale di questa epoca. Woodoo \u00e8 andato istintivamente verso tutti coloro che quando scendono in <strong>piazza <\/strong>lo fanno per un passato che considerano quasi un <strong>peccato originale<\/strong>.<\/p>\n\n\n\n<p>Avendo testato gi\u00e0 un percorso su come spiegare il concept al pubblico, ci siamo resi conto che la <strong>potenza <\/strong>della musica e dei festival come macchina di abbattimento dei pregiudizi era proprio nell\u2019offrire dei <strong>punti di vista mescolati<\/strong>, nuovi per qualcuno, confortanti per qualcun altro, magari disturbanti per qualcun altro ancora.<\/p>\n\n\n\n<p>Essere <strong>strumenti creativi<\/strong> per unire e abbattere dei tab\u00f9 unendo differenti pensieri in un unico contesto, mostrando che siamo tutti <strong>uguali nella diversit\u00e0<\/strong>: questa era la chiave.&nbsp;<\/p>\n\n\n\n<p><strong>Marco Mascheroni<\/strong>, direttore creativo di Woodoo, la racconta cos\u00ec:<\/p>\n\n\n\n<p>\u00abAbbiamo detto: abbiamo un titolo e abbiamo messo a fuoco un\u2019idea che deve uscire, come sviluppiamo questa creativit\u00e0, oltre che nelle line up? \u00c8 spontaneamente nato cos\u00ec il progetto con IED, per una naturale attrazione verso il mondo universitario. Abbiamo presentato il nostro concetto, <em>Vieni Come Vuoi<\/em>, proponendo loro una mostra di manifesti, <strong>poster e artwork creativi.<\/strong>&nbsp;<\/p>\n\n\n<div class=\"wp-block-image\">\n<figure class=\"alignright size-large is-resized\"><img loading=\"lazy\" decoding=\"async\" src=\"https:\/\/draft.bardowebdesign.com\/Woodoo22\/wp-content\/uploads\/2022\/07\/1-1024x1024.jpg\" alt=\"\" class=\"wp-image-3825\" width=\"362\" height=\"362\" srcset=\"https:\/\/draft.bardowebdesign.com\/Woodoo22\/wp-content\/uploads\/2022\/07\/1-1024x1024.jpg 1024w, https:\/\/draft.bardowebdesign.com\/Woodoo22\/wp-content\/uploads\/2022\/07\/1-300x300.jpg 300w, https:\/\/draft.bardowebdesign.com\/Woodoo22\/wp-content\/uploads\/2022\/07\/1-150x150.jpg 150w, https:\/\/draft.bardowebdesign.com\/Woodoo22\/wp-content\/uploads\/2022\/07\/1-768x768.jpg 768w, https:\/\/draft.bardowebdesign.com\/Woodoo22\/wp-content\/uploads\/2022\/07\/1.jpg 1500w\" sizes=\"auto, (max-width: 362px) 100vw, 362px\" \/><\/figure>\n<\/div>\n\n\n<p>Il tutto partendo dal presupposto di voler dare al tema stesso una linea quasi \u201c<strong>propagandistica<\/strong>\u201d, ma con tanta leggerezza. Quindi abbiamo semplicemente chiesto agli studenti: come l\u2019inclusivit\u00e0 pu\u00f2 essere illustrata tramite un linguaggio visuale? Che simbolo hanno la diversit\u00e0 e l\u2019inclusivit\u00e0? Quali colori scegliereste? Ci sono elementi grafici che rappresentano questi contenuti? Tutto questo ci galvanizzava proprio in luce dell\u2019attualit\u00e0 di questi temi. Volevamo nuove idee, una <strong>declinazione contemporanea<\/strong> per trovare un\u2019identit\u00e0 visiva ben definita. Abbiamo chiesto loro di sperimentare insomma. All\u2019istituto \u00e8 piaciuto moltissimo, tanto che lo IED milanese ha aperto il concorso agli istituti di Torino e Roma! \u00c8 nato una sorta di <strong>workshop interno<\/strong>. Cos\u00ec questi studenti, esponenti della <strong>generazione Z<\/strong>, sono diventati parte di Woodoo\u00bb.<\/p>\n\n\n\n<p>Al concorso hanno partecipato in tantissimi e sono stati selezionati 15 splendidi lavori che faranno parte della mostra presente al festival, che si chiama <em><strong>Diversity Inclusion<\/strong><\/em>.<\/p>\n\n\n\n<p>Non ti illustrer\u00f2 ogni opera perch\u00e9, ehi, <strong>puoi vedere la mostra<\/strong>! \u00c8 bellissima ed e sar\u00e0 l\u00ec a disposizione di tutti coloro che parteciperanno a Woodoo.<\/p>\n\n\n\n<p>Stavamo iniziando finalmente ad illuminare la questione con raggi di luce provenienti da fonti diverse. Ma sentivamo che <strong>mancava ancora qualcosa<\/strong>. Ci bastava stare in piedi sulla terra per accorgercene.<\/p>\n","protected":false},"excerpt":{"rendered":"<p>Una mostra con IED<\/p>\n","protected":false},"author":10,"featured_media":3824,"comment_status":"open","ping_status":"open","sticky":false,"template":"","format":"standard","meta":{"_jet_sm_ready_style":"","_jet_sm_style":"","_jet_sm_controls_values":"","_jet_sm_fonts_collection":"","_jet_sm_fonts_links":"","footnotes":""},"categories":[12],"tags":[],"class_list":["post-3737","post","type-post","status-publish","format-standard","has-post-thumbnail","hentry","category-news"],"_links":{"self":[{"href":"https:\/\/draft.bardowebdesign.com\/Woodoo22\/wp-json\/wp\/v2\/posts\/3737","targetHints":{"allow":["GET"]}}],"collection":[{"href":"https:\/\/draft.bardowebdesign.com\/Woodoo22\/wp-json\/wp\/v2\/posts"}],"about":[{"href":"https:\/\/draft.bardowebdesign.com\/Woodoo22\/wp-json\/wp\/v2\/types\/post"}],"author":[{"embeddable":true,"href":"https:\/\/draft.bardowebdesign.com\/Woodoo22\/wp-json\/wp\/v2\/users\/10"}],"replies":[{"embeddable":true,"href":"https:\/\/draft.bardowebdesign.com\/Woodoo22\/wp-json\/wp\/v2\/comments?post=3737"}],"version-history":[{"count":9,"href":"https:\/\/draft.bardowebdesign.com\/Woodoo22\/wp-json\/wp\/v2\/posts\/3737\/revisions"}],"predecessor-version":[{"id":3864,"href":"https:\/\/draft.bardowebdesign.com\/Woodoo22\/wp-json\/wp\/v2\/posts\/3737\/revisions\/3864"}],"wp:featuredmedia":[{"embeddable":true,"href":"https:\/\/draft.bardowebdesign.com\/Woodoo22\/wp-json\/wp\/v2\/media\/3824"}],"wp:attachment":[{"href":"https:\/\/draft.bardowebdesign.com\/Woodoo22\/wp-json\/wp\/v2\/media?parent=3737"}],"wp:term":[{"taxonomy":"category","embeddable":true,"href":"https:\/\/draft.bardowebdesign.com\/Woodoo22\/wp-json\/wp\/v2\/categories?post=3737"},{"taxonomy":"post_tag","embeddable":true,"href":"https:\/\/draft.bardowebdesign.com\/Woodoo22\/wp-json\/wp\/v2\/tags?post=3737"}],"curies":[{"name":"wp","href":"https:\/\/api.w.org\/{rel}","templated":true}]}}